{"id":103,"date":"2024-09-26T18:53:37","date_gmt":"2024-09-26T16:53:37","guid":{"rendered":"https:\/\/turlurette.org\/?p=103"},"modified":"2024-09-26T19:28:58","modified_gmt":"2024-09-26T17:28:58","slug":"un-moine-bien-mysterieux","status":"publish","type":"post","link":"https:\/\/turlurette.org\/index.php\/2024\/09\/26\/un-moine-bien-mysterieux\/","title":{"rendered":"Un Moine bien myst\u00e9rieux"},"content":{"rendered":"\n<blockquote class=\"wp-block-quote is-layout-flow wp-block-quote-is-layout-flow\">\n<p>\u00ab\u00a0Tout n&rsquo;est pas perdu, Dieu est avec nous !\u00a0\u00bb<\/p>\n<cite>Le Moine Myst\u00e9rieux dans Assaut sur la Ferme de Celon<\/cite><\/blockquote>\n\n\n\n<p>V\u00e9ritable mascotte des films de la franchise Celon, le Moine Myst\u00e9rieux est bien plus qu&rsquo;un simple personnage : c&rsquo;est le plot twist dont r\u00eave tout sc\u00e9nariste insomniaque.<\/p>\n\n\n\n<p>Mais qui est cet homme, mi-moine, mi-ninja, myst\u00e9rieux ?<br>Qui est-il ? D&rsquo;o\u00f9 vient-il ?<br>Ce terrible g\u00e9ant.<br>Des nouveaux temps.<\/p>\n\n\n\n<div class=\"wp-block-media-text is-stacked-on-mobile is-vertically-aligned-center\" style=\"grid-template-columns:27% auto\"><figure class=\"wp-block-media-text__media\"><img loading=\"lazy\" decoding=\"async\" width=\"600\" height=\"1000\" src=\"https:\/\/turlurette.org\/wp-content\/uploads\/2024\/09\/MM-01.jpg\" alt=\"\" class=\"wp-image-181 size-full\" srcset=\"https:\/\/turlurette.org\/wp-content\/uploads\/2024\/09\/MM-01.jpg 600w, https:\/\/turlurette.org\/wp-content\/uploads\/2024\/09\/MM-01-180x300.jpg 180w\" sizes=\"auto, (max-width: 600px) 100vw, 600px\" \/><\/figure><div class=\"wp-block-media-text__content\">\n<p><strong>Guillaume : Pouvez-vous lever un peu le myst\u00e8re sur ce moine et son r\u00f4le dans l&rsquo;univers Celon ?<\/strong><\/p>\n\n\n\n<p>Moine Myst\u00e9rieux : Ah \u00e7a enregistre l\u00e0 ? Euh h\u00e9 bien, tout ce que je sais c&rsquo;est qu&rsquo;il est un peu intemporel, on l&rsquo;attend, on a envie de le voir appara\u00eetre au d\u00e9tour d&rsquo;un chemin parmi tous les lieux des sc\u00e8nes et que s&rsquo;il n&rsquo;est pas \u00e0 l&rsquo;\u00e9cran, alors le film est rat\u00e9. Il a surtout un r\u00f4le de fil conducteur, oui, l&rsquo;arch\u00e9type du twist hitchcockien, le <em>deus ex machina<\/em> de l&rsquo;intrigue, la classe en plus.<\/p>\n\n\n\n<p><strong>Comment avez-vous pr\u00e9par\u00e9 le r\u00f4le qui est \u00e0 la fois tr\u00e8s physique et tout en retenu ?<\/strong><\/p>\n\n\n\n<p>Eh bien, c&rsquo;est surtout une hygi\u00e8ne de vie tr\u00e8s stricte \u00e0 base de yoga tantrique en ashram Kazakh (placement influenceur Instagram) et de cours de pilates sur wakeboard en mer morte. Je suis \u00e9galement un r\u00e9gime strictement entomophage compos\u00e9 de phasmes le matin et de bousiers le soir, \u00e7a renforce l&rsquo;abn\u00e9gation.<br>Sinon j&rsquo;ai pris des le\u00e7ons d&rsquo;impro au cours select du Paul Pr\u00e9boist&rsquo;s Actors club.<\/p>\n<\/div><\/div>\n\n\n\n<p><strong>Et qu&rsquo;en est-il de la rumeur qui pr\u00e9tend que Jean-Claude Van Damme vous aurait appris l&rsquo;art tr\u00e8s secret du grand \u00e9cart sur rondins ?<\/strong><\/p>\n\n\n\n<p>Je vois qu&rsquo;il est difficile de cacher certaines choses. Dans le milieu on se conna\u00eet tous, au moins de r\u00e9putation. Jean-Claude a pu lib\u00e9rer quelques mois dans son agenda pour qu&rsquo;on se cale des s\u00e9ances de stretching facial et lat\u00e9ral, il y a de cela quelques temps. Il a fallu de plus se retrouver \u00e0 Malte afin de s&rsquo;impr\u00e9gner de l&rsquo;atmosph\u00e8re des lieux sacr\u00e9s et pour \u00eatre au plus pr\u00e8s de la tradition et de l&rsquo;h\u00e9ritage de cette figure iconique.<\/p>\n\n\n\n<div class=\"wp-block-media-text has-media-on-the-right is-stacked-on-mobile\" style=\"grid-template-columns:auto 39%\"><div class=\"wp-block-media-text__content\">\n<p><strong>Impressionnant.<br>Sans transition, pouvez-vous nous en dire plus sur les conditions du tournage ? Vous y avez retrouv\u00e9 d&rsquo;autres stars internationales comme Cruz Ramirez ou G\u00fcnther, \u00e7a a d\u00fb vous rappeler des souvenirs.<\/strong><\/p>\n\n\n\n<p>Les conditions \u00e9taient bien meilleures que la derni\u00e8re fois, prestige oblige. Plus de moyens, plus de mat\u00e9riel, plus d&rsquo;effets sp\u00e9ciaux, plus d&rsquo;acteurs, le pognon a coul\u00e9 \u00e0 flots. Bon c&rsquo;est toujours tendu avec Ramirez, on sent qu&rsquo;il veut tirer la couverture \u00e0 lui. D&rsquo;autant que son histoire de papiers non r\u00e9gularis\u00e9s n&rsquo;est toujours pas r\u00e9gl\u00e9e. Je le soup\u00e7onne d&rsquo;en profiter. Il veut le beurre et l&rsquo;argent du beurre. On ne peut pas tout avoir. Je pr\u00e9f\u00e8re largement le sympathique G\u00fcnther, qui serait tout a fait pr\u00e8s de le d\u00e9noncer aux autorit\u00e9s d&rsquo;ailleurs. Bon, tout \u00e7a reste entre nous. Tant que personne ne me fait d&rsquo;ombre&#8230;<\/p>\n<\/div><figure class=\"wp-block-media-text__media\"><img loading=\"lazy\" decoding=\"async\" width=\"1000\" height=\"1000\" src=\"https:\/\/turlurette.org\/wp-content\/uploads\/2024\/09\/MM-02.jpg\" alt=\"\" class=\"wp-image-182 size-full\" srcset=\"https:\/\/turlurette.org\/wp-content\/uploads\/2024\/09\/MM-02.jpg 1000w, https:\/\/turlurette.org\/wp-content\/uploads\/2024\/09\/MM-02-300x300.jpg 300w, https:\/\/turlurette.org\/wp-content\/uploads\/2024\/09\/MM-02-150x150.jpg 150w, https:\/\/turlurette.org\/wp-content\/uploads\/2024\/09\/MM-02-768x768.jpg 768w\" sizes=\"auto, (max-width: 1000px) 100vw, 1000px\" \/><\/figure><\/div>\n\n\n\n<p><strong>Il y a quand m\u00eame Dieu au casting, c&rsquo;est plut\u00f4t une pointure dans le monde jud\u00e9o-chr\u00e9tien\u2026<\/strong><\/p>\n\n\n\n<p>Oui je L&#8217;emporte toujours avec moi vous savez, nous rayonnons ensemble et de concert. Il me prot\u00e8ge tout autant que je veille sur Sa pr\u00e9sence. Il ne peut rien m&rsquo;arriver s&rsquo;Il est l\u00e0 et je suis son \u00e9ternel garde du corps (christi ! si je puis dire, hu hu hu). Son incarnation en juv\u00e9nile en slip pour les besoins du tournage a \u00e9t\u00e9 d&rsquo;ailleurs tr\u00e8s pertinente. Cela signifie qu&rsquo;Il peut ainsi se manifester \u00e0 tous les \u00e2ges et \u00e0 tout moment de la journ\u00e9e. Retenez bien la le\u00e7on. Il est partout, tout le temps, dans ton slip, dans ta chambre, dans ta t\u00eate.<\/p>\n\n\n\n<figure class=\"wp-block-image size-large\"><img loading=\"lazy\" decoding=\"async\" width=\"1024\" height=\"683\" src=\"https:\/\/turlurette.org\/wp-content\/uploads\/2024\/09\/MM-03-1024x683.jpg\" alt=\"\" class=\"wp-image-183\" srcset=\"https:\/\/turlurette.org\/wp-content\/uploads\/2024\/09\/MM-03-1024x683.jpg 1024w, https:\/\/turlurette.org\/wp-content\/uploads\/2024\/09\/MM-03-300x200.jpg 300w, https:\/\/turlurette.org\/wp-content\/uploads\/2024\/09\/MM-03-768x512.jpg 768w, https:\/\/turlurette.org\/wp-content\/uploads\/2024\/09\/MM-03.jpg 1200w\" sizes=\"auto, (max-width: 1024px) 100vw, 1024px\" \/><\/figure>\n\n\n\n<p><strong>Bigre.<br>Et comment \u00e7a s&rsquo;est pass\u00e9 avec cet enfoir\u00e9 de r\u00e9alisateur qui a \u00ab\u00a0oubli\u00e9\u00a0\u00bb de valider mes heures d&rsquo;intermittence ?<br>En toute objectivit\u00e9.<\/strong><\/p>\n\n\n\n<p>&#8230;<\/p>\n\n\n\n<p><strong>Je comprends que vous ne souhaitiez pas en parler, certains traumatismes sont difficiles \u00e0 \u00e9voquer\u2026<\/strong><\/p>\n\n\n\n<p>Vous m&rsquo;avez subitement mis le doute, c&rsquo;est avec horreur que je viens de d\u00e9couvrir que je n&rsquo;ai jamais \u00e9t\u00e9 pay\u00e9 non plus ! Cela fait plus de 18 mois que je vis \u00e0 cr\u00e9dit. Mais c&rsquo;est honteux, un vrai scandale, quelle enflure, putain, moi qui ai tout donn\u00e9 pour ce r\u00f4le, j&rsquo;ai tant sacrifi\u00e9 ! Les heures de pr\u00e9paration, les textes \u00e0 apprendre, les insomnies, mon psoriasis qui s&rsquo;est r\u00e9activ\u00e9, j&rsquo;ai perdu mon hamster (oubli\u00e9 de le nourrir), et le chirurgien esth\u00e9tique !<\/p>\n\n\n\n<p><strong>Nous pouvons donc dire que Celon 2 est un film qui g\u00e9n\u00e8re beaucoup d&rsquo;\u00e9motions\u2026<br>Avant de conclure, une question sur la suite : ne craignez vous pas de vous faire grand remplacer par un moine Shaolin ? Ou par une IA ? Ou par une IA Shaolin ?<\/strong><\/p>\n\n\n\n<p>Ah ah ah, je vous vois venir, comme si un vulgaire migrant du Tibet pouvait simplement me tenir la drag\u00e9e haute, aucun risque de ce c\u00f4t\u00e9 l\u00e0. Je leur rappellerai d&rsquo;abord l&rsquo;adage \u00ab\u00a0\u00c9veillez-vous d&rsquo;abord par vous m\u00eames, ensuite cherchez un ma\u00eetre\u00a0\u00bb. Moi je suis en plein \u00e9veil et j&rsquo;ai trouv\u00e9 Dieu. Quant \u00e0 l&rsquo;IA, qu&rsquo;elle soit programm\u00e9e par Zuckerberg ou par Sifu Bodhidharma, elle ne saurait tenir la pose du H\u00e9ron Manchot \u00e0 l&rsquo;aube d&rsquo;un matin rafra\u00eechi d&rsquo;une ros\u00e9e d&rsquo;automne \u00e0 la lumi\u00e8re des premiers rayons d&rsquo;un soleil dardant, soyons s\u00e9rieux.<\/p>\n\n\n\n<p><strong>En effet, jamais une IA n&rsquo;en sera capable, comme disent les philosophes de qualit\u00e9.<br>Eh bien merci pour le temps que vous nous avez accord\u00e9 et vos r\u00e9ponses \u00e9clairantes !<br>Un petit mot pour conclure ?<\/strong><\/p>\n\n\n\n<p>Ne laissez jamais un nunchaku sans surveillance !<\/p>\n\n\n\n<p><strong>Merci. Coup&#8230;<\/strong><\/p>\n\n\n\n<p>Et je tire mon chapeau \u00e0 Chuck Norris et \u00e0 l&rsquo;Abb\u00e9 Pier&#8230;<\/p>\n\n\n\n<p><strong>Coupez, vite !<\/strong><\/p>\n","protected":false},"excerpt":{"rendered":"<p>\u00ab\u00a0Tout n&rsquo;est pas perdu, Dieu est avec nous !\u00a0\u00bb Le Moine Myst\u00e9rieux dans Assaut sur la Ferme de Celon V\u00e9ritable mascotte des films de la franchise Celon, le Moine Myst\u00e9rieux est bien plus qu&rsquo;un simple personnage : c&rsquo;est le plot twist dont r\u00eave tout sc\u00e9nariste insomniaque. Mais qui est cet homme, mi-moine, mi-ninja, myst\u00e9rieux ?Qui&#8230;<\/p>\n","protected":false},"author":3,"featured_media":211,"comment_status":"open","ping_status":"open","sticky":false,"template":"","format":"standard","meta":{"_kad_post_transparent":"","_kad_post_title":"","_kad_post_layout":"","_kad_post_sidebar_id":"","_kad_post_content_style":"","_kad_post_vertical_padding":"","_kad_post_feature":"","_kad_post_feature_position":"","_kad_post_header":false,"_kad_post_footer":false,"_kad_post_classname":"","footnotes":""},"categories":[9,8],"tags":[],"class_list":["post-103","post","type-post","status-publish","format-standard","has-post-thumbnail","hentry","category-ccu","category-personnages"],"_links":{"self":[{"href":"https:\/\/turlurette.org\/index.php\/wp-json\/wp\/v2\/posts\/103","targetHints":{"allow":["GET"]}}],"collection":[{"href":"https:\/\/turlurette.org\/index.php\/wp-json\/wp\/v2\/posts"}],"about":[{"href":"https:\/\/turlurette.org\/index.php\/wp-json\/wp\/v2\/types\/post"}],"author":[{"embeddable":true,"href":"https:\/\/turlurette.org\/index.php\/wp-json\/wp\/v2\/users\/3"}],"replies":[{"embeddable":true,"href":"https:\/\/turlurette.org\/index.php\/wp-json\/wp\/v2\/comments?post=103"}],"version-history":[{"count":18,"href":"https:\/\/turlurette.org\/index.php\/wp-json\/wp\/v2\/posts\/103\/revisions"}],"predecessor-version":[{"id":220,"href":"https:\/\/turlurette.org\/index.php\/wp-json\/wp\/v2\/posts\/103\/revisions\/220"}],"wp:featuredmedia":[{"embeddable":true,"href":"https:\/\/turlurette.org\/index.php\/wp-json\/wp\/v2\/media\/211"}],"wp:attachment":[{"href":"https:\/\/turlurette.org\/index.php\/wp-json\/wp\/v2\/media?parent=103"}],"wp:term":[{"taxonomy":"category","embeddable":true,"href":"https:\/\/turlurette.org\/index.php\/wp-json\/wp\/v2\/categories?post=103"},{"taxonomy":"post_tag","embeddable":true,"href":"https:\/\/turlurette.org\/index.php\/wp-json\/wp\/v2\/tags?post=103"}],"curies":[{"name":"wp","href":"https:\/\/api.w.org\/{rel}","templated":true}]}}