{"id":238,"date":"2025-05-05T10:52:58","date_gmt":"2025-05-05T08:52:58","guid":{"rendered":"https:\/\/turlurette.org\/?p=238"},"modified":"2025-05-06T13:45:32","modified_gmt":"2025-05-06T11:45:32","slug":"quand-lart-cinematographique-prend-un-nouvel-essor","status":"publish","type":"post","link":"https:\/\/turlurette.org\/index.php\/2025\/05\/05\/quand-lart-cinematographique-prend-un-nouvel-essor\/","title":{"rendered":"Quand l&rsquo;art cin\u00e9matographique prend un nouvel essor."},"content":{"rendered":"\n<p class=\"has-theme-palette-2-color has-text-color has-background has-link-color has-medium-font-size wp-elements-29dba572149bfa263eb5ed708b1fcd88\" style=\"border-width:3px;border-radius:11px;background:linear-gradient(90deg,rgb(255,255,255) 0%,rgb(216,237,230) 100%);padding-top:var(--wp--preset--spacing--30);padding-right:var(--wp--preset--spacing--30);padding-bottom:var(--wp--preset--spacing--30);padding-left:var(--wp--preset--spacing--30);font-style:normal;font-weight:500\">S\u00e9bastien, le r\u00e9alisateur de Assaut sur la ferme de Celon commence \u00e0 tourner son prochain film ce jeudi 29 mai dans le Loiret. La plupart des sc\u00e8nes du long-m\u00e9trage vont \u00eatre film\u00e9es \u00e0 Saint Florent le jeune. La commune esp\u00e8re de belles retomb\u00e9es \u00e9conomiques.<\/p>\n\n\n\n<p class=\"has-theme-palette-2-color has-text-color has-small-font-size\" style=\"border-width:1px;border-radius:5px;padding-top:var(--wp--preset--spacing--30);padding-right:var(--wp--preset--spacing--30);padding-bottom:var(--wp--preset--spacing--30);padding-left:var(--wp--preset--spacing--30)\"><strong>\u00a7 : Pourquoi ce film sur la radicalisation politique maintenant ?<\/strong><br><br>Avant d\u2019\u00eatre un r\u00e9alisateur, avant d\u2019\u00eatre un artiste, avant m\u00eame d\u2019\u00eatre un g\u00e9nie, je suis avant tout un citoyen. Il me semblait donc essentiel d\u2019apporter ma pierre \u00e0 l\u2019\u00e9difice, pierre qui permettra, je n\u2019en doute pas, de faire enfin advenir l\u2019union des gauches, la victoire en 2027 et la chute du capitalisme au niveau plan\u00e9taire. C\u2019est ce que j\u2019appelle la puissance du zombie.<\/p>\n\n\n\n<p class=\"has-theme-palette-2-color has-text-color has-small-font-size\" style=\"border-width:1px;padding-top:var(--wp--preset--spacing--30);padding-right:var(--wp--preset--spacing--30);padding-bottom:var(--wp--preset--spacing--30);padding-left:var(--wp--preset--spacing--30)\"><strong>\u00a7 : Qu&rsquo;attendez-vous de ce tournage ?<\/strong><br><br>La transcendance, la f\u00e9licit\u00e9, l\u2019\u00e9l\u00e9vation spirituelle pour moi bien s\u00fbr, mais avant tout pour l\u2019\u00e9quipe, Dieu sait qu\u2019ils en ont besoin.<\/p>\n\n\n<div class=\"wp-block-image\">\n<figure class=\"aligncenter size-medium is-resized\"><img loading=\"lazy\" decoding=\"async\" width=\"225\" height=\"300\" src=\"https:\/\/turlurette.org\/wp-content\/uploads\/2025\/05\/Seb_pour_interview-225x300.jpg\" alt=\"Le r\u00e9alisateur inspir\u00e9 devant sa grosse biblioth\u00e8que.\" class=\"wp-image-240\" style=\"width:355px;height:auto\" title=\"Le r\u00e9alisateur\" srcset=\"https:\/\/turlurette.org\/wp-content\/uploads\/2025\/05\/Seb_pour_interview-225x300.jpg 225w, https:\/\/turlurette.org\/wp-content\/uploads\/2025\/05\/Seb_pour_interview-768x1024.jpg 768w, https:\/\/turlurette.org\/wp-content\/uploads\/2025\/05\/Seb_pour_interview-1152x1536.jpg 1152w, https:\/\/turlurette.org\/wp-content\/uploads\/2025\/05\/Seb_pour_interview.jpg 1199w\" sizes=\"auto, (max-width: 225px) 100vw, 225px\" \/><figcaption class=\"wp-element-caption\">Le r\u00e9alisateur inspir\u00e9 devant sa grosse biblioth\u00e8que, pr\u00eat \u00e0 \u00e9craser le monde de son&nbsp;imposante&nbsp;verve<\/figcaption><\/figure>\n<\/div>\n\n\n<p class=\"has-theme-palette-2-color has-text-color has-small-font-size\" style=\"border-width:1px;border-radius:5px;padding-top:var(--wp--preset--spacing--30);padding-right:var(--wp--preset--spacing--30);padding-bottom:var(--wp--preset--spacing--30);padding-left:var(--wp--preset--spacing--30)\"><strong>\u00a7 : La technique, pouss\u00e9e dans ses retranchements, d\u00e9passe tout ce qui a d\u00e9j\u00e0 \u00e9t\u00e9 fait.<\/strong><br><strong>Vous fait-elle peur, pensez-vous qu&rsquo;elle puisse vous \u00e9chapper ?<\/strong><br><br>Alors c\u2019est marrant que vous me posiez cette question parce que justement, j\u2019ai toujours peur que le fond vert me tombe dessus\u2026 Cette grande toile sur ces deux fr\u00eales pieds branlants\u2026 franchement, n\u2019importe qui de saint d\u2019esprit serait terrifi\u00e9 \u00e0 l\u2019id\u00e9e de tourner devant un truc pareil ! Vous me faites rire avec votre soul\u00e8vement des machines, mais le vrai danger de la technologie il est l\u00e0, dans le fond vert oscillant dans les courants d\u2019air.<\/p>\n\n\n\n<p class=\"has-theme-palette-2-color has-text-color has-small-font-size\" style=\"border-width:1px;padding-top:var(--wp--preset--spacing--30);padding-right:var(--wp--preset--spacing--30);padding-bottom:var(--wp--preset--spacing--30);padding-left:var(--wp--preset--spacing--30)\"><strong>\u00a7 : Dans \u00ab\u00a0Ange et d\u00e9mons\u00a0\u00bb de Ron Howard, le r\u00e9alisateur, Ron Howard, ressigne une nouvelle fois avec Tom Hanks pour relater cette fois-ci des \u00e9v\u00e9nements ant\u00e9rieurs au r\u00e9cit du fameux \u201cDa Vinci Code\u201d. L&rsquo;avez-vous appel\u00e9 ?<\/strong><br><br>Oui. Plein de fois. J\u2019ai laiss\u00e9 des messages sur son r\u00e9pondeur. Sur whatsapp aussi. Des mails.14 fax. Via messenger. J\u2019ai m\u00eame r\u00e9activ\u00e9 ICQ. Aucune r\u00e9ponse, rien, nada. Qu\u2019est ce qui se passe Ron ? Pourquoi tu ne me r\u00e9ponds plus ? Ron, mon Ron. Mon Ronnie. Mon Ronnounet. Si tu reviens j\u2019annule tout !<\/p>\n\n\n\n<p class=\"has-theme-palette-2-color has-text-color has-link-color has-small-font-size wp-elements-554a2c6f22ab176ba107fc60f985f8d5\" style=\"border-width:1px;border-radius:5px;padding-top:var(--wp--preset--spacing--30);padding-right:var(--wp--preset--spacing--30);padding-bottom:var(--wp--preset--spacing--30);padding-left:var(--wp--preset--spacing--30)\"><strong>\u00a7 : Tensions sur le tournage, promotion maladroite, finances douteuses, violence sur des fruits, racisme anti-blanc\u2026 Pourquoi \u00ab\u00a0Celon 2\u00a0\u00bb le film avec Ron Jambo, fait pol\u00e9mique ?<\/strong><br><br>L\u2019art, s\u2019il est sinc\u00e8re, se doit d\u2019\u00eatre pol\u00e9mique. Et encore, les producteurs m\u2019ont forc\u00e9 \u00e0 retirer le concours de blagues sur les prostitu\u00e9s entre les moines qui devait servir de sc\u00e8ne pr\u00e9-g\u00e9n\u00e9rique. Ces b\u00e9otiens ne comprennent rien \u00e0 la cr\u00e9ativit\u00e9, \u00e0 la puissance bouleversante du message !<\/p>\n\n\n\n<p class=\"has-theme-palette-2-color has-text-color has-small-font-size\" style=\"border-width:1px;padding-top:var(--wp--preset--spacing--30);padding-right:var(--wp--preset--spacing--30);padding-bottom:var(--wp--preset--spacing--30);padding-left:var(--wp--preset--spacing--30)\"><strong>\u00a7 : Dans les colonnes de TV Mag, Pascal s&rsquo;est \u00e9galement confi\u00e9 sur le comportement de Guillaume pendant le tournage de Celon 2 : \u00ab\u00a0Il sait ce qu&rsquo;il veut entendre, ce qu&rsquo;il veut faire, il a une id\u00e9e pr\u00e9cise de son personnage. Et il ne l\u00e2che pas. Si l&rsquo;on d\u00e9vie, il nous remet dans le chemin\u00a0\u00bb.<br>Cette citation est magnifique, \u00e9mouvante voir bouleversante, quel effet vous fait-elle ?<\/strong><br><br>Pardon mais qui est ce Guillaume exactement ?<\/p>\n\n\n\n<p class=\"has-theme-palette-2-color has-text-color has-small-font-size\" style=\"border-width:1px;border-radius:5px;padding-top:var(--wp--preset--spacing--30);padding-right:var(--wp--preset--spacing--30);padding-bottom:var(--wp--preset--spacing--30);padding-left:var(--wp--preset--spacing--30)\"><strong>\u00a7 : \u00ab\u00a0Je ne devrais pas le dire\u00a0\u00bb\u2026Dans une r\u00e9cente interview, Am\u00e9lie r\u00e9v\u00e8le un secret de tournage sur une sc\u00e8ne particuli\u00e8rement culte du film. Lequel \u00e9tait ce ?<\/strong><br><br>Effectivement il voulait rester discret, mais oui, je peux maintenant vous le r\u00e9v\u00e9ler, la past\u00e8que \u00e9tait en fait jou\u00e9 par un acteur de petite taille. Maintenant, des clauses de confidentialit\u00e9 m\u2019emp\u00eachent de r\u00e9v\u00e9ler son nom. Il s\u2019agit de quelqu\u2019un de tr\u00e8s connu dans l\u2019industrie du divertissement t\u00e9l\u00e9visuel grand public, et il pr\u00e9f\u00e8re mener sa carri\u00e8re d\u2019acteur loin de sa renomm\u00e9e habituelle, pour pouvoir briller par son seul talent. Et il est vrai qu\u2019en past\u00e8que il d\u00e9gageait un charisme \u00e9bouriffant et une intensit\u00e9 rarement \u00e9gal\u00e9e. S\u2019il y avait eu une cat\u00e9gorie fruits et l\u00e9gumes aux Oscars, nul doute que la statuette \u00e9tait pour lui !<\/p>\n\n\n\n<p class=\"has-theme-palette-2-color has-text-color has-small-font-size\" style=\"border-width:1px;padding-top:var(--wp--preset--spacing--30);padding-right:var(--wp--preset--spacing--30);padding-bottom:var(--wp--preset--spacing--30);padding-left:var(--wp--preset--spacing--30)\"><strong>\u00a7 : Quelle heure est-il en Mandchourie ?<\/strong><br><br>17h23 mais je retarde.<\/p>\n\n\n\n<p class=\"has-theme-palette-2-color has-text-color has-small-font-size\" style=\"border-width:1px;border-radius:5px;padding-top:var(--wp--preset--spacing--30);padding-right:var(--wp--preset--spacing--30);padding-bottom:var(--wp--preset--spacing--30);padding-left:var(--wp--preset--spacing--30)\"><strong>\u00a7 : Est-ce vrai que la c\u00e9l\u00e9brit\u00e9 am\u00e8ne l&rsquo;argent, l&rsquo;alcool et les p\u2026. ? (c&rsquo;est pas moi c&rsquo;est Guillaume).<\/strong><br><br>Si c\u2019est le cas, la c\u00e9l\u00e9brit\u00e9 a perdu mon adresse. Et mon num\u00e9ro de t\u00e9l\u00e9phone. Comme Ron. Pourquoi tu ne me rappelles pas Ron ? Rooooooonnnnnnn !!!!<\/p>\n\n\n\n<p class=\"has-theme-palette-2-color has-text-color has-small-font-size\" style=\"border-width:1px;padding-top:var(--wp--preset--spacing--30);padding-right:var(--wp--preset--spacing--30);padding-bottom:var(--wp--preset--spacing--30);padding-left:var(--wp--preset--spacing--30)\"><strong>\u00a7 : Une question plus l\u00e9g\u00e8re : Frantz Fanon citait : \u00ab\u00a0Pour le colonis\u00e9, la vie peut uniquement surgir du cadavre en d\u00e9composition du colon.\u00a0\u00bb<br>Expliquez nous ?<\/strong><br><br>Sacr\u00e9 Frantz, jamais le dernier pour la d\u00e9conne ! Ceci dit, je ne voudrais pas non plus insulter vos lecteurs en enfon\u00e7ant des portes ouvertes, tant le sens de cette boutade est limpide ! D\u00e9composition, cadavre, zombies\u2026le parall\u00e8le est \u00e9vident !<\/p>\n\n\n\n<p class=\"has-theme-palette-2-color has-text-color has-link-color has-small-font-size wp-elements-8694582fe674c0ec51c9f11bc0cc72db\" style=\"border-width:1px;border-radius:5px;padding-top:var(--wp--preset--spacing--30);padding-right:var(--wp--preset--spacing--30);padding-bottom:var(--wp--preset--spacing--30);padding-left:var(--wp--preset--spacing--30)\"><strong>\u00a7 : Quel \u00e2ge est mort Paul VI, l&rsquo;artisan infatigable du Vatican II ?<\/strong><br><br>Voyons, un peu de s\u00e9rieux, tout le monde sait que Paul VI \u00e9tait un agent \u00e0 la solde du KGB et qu\u2019il a \u00e9t\u00e9 exfiltr\u00e9 une fois sa mission accomplie. Aux derni\u00e8res nouvelles il serait sur une \u00eele \u00e0 jouer au golf avec Elvis et Michael Jackson.<\/p>\n\n\n\n<p><\/p>\n","protected":false},"excerpt":{"rendered":"<p>S\u00e9bastien, le r\u00e9alisateur de Assaut sur la ferme de Celon commence \u00e0 tourner son prochain film ce jeudi 29 mai dans le Loiret. La plupart des sc\u00e8nes du long-m\u00e9trage vont \u00eatre film\u00e9es \u00e0 Saint Florent le jeune. La commune esp\u00e8re de belles retomb\u00e9es \u00e9conomiques.<\/p>\n","protected":false},"author":2,"featured_media":242,"comment_status":"open","ping_status":"open","sticky":false,"template":"","format":"standard","meta":{"_kad_post_transparent":"","_kad_post_title":"","_kad_post_layout":"narrow","_kad_post_sidebar_id":"","_kad_post_content_style":"boxed","_kad_post_vertical_padding":"","_kad_post_feature":"show","_kad_post_feature_position":"default","_kad_post_header":false,"_kad_post_footer":false,"_kad_post_classname":"","footnotes":""},"categories":[10],"tags":[11],"class_list":["post-238","post","type-post","status-publish","format-standard","has-post-thumbnail","hentry","category-art","tag-art-cinematographique"],"_links":{"self":[{"href":"https:\/\/turlurette.org\/index.php\/wp-json\/wp\/v2\/posts\/238","targetHints":{"allow":["GET"]}}],"collection":[{"href":"https:\/\/turlurette.org\/index.php\/wp-json\/wp\/v2\/posts"}],"about":[{"href":"https:\/\/turlurette.org\/index.php\/wp-json\/wp\/v2\/types\/post"}],"author":[{"embeddable":true,"href":"https:\/\/turlurette.org\/index.php\/wp-json\/wp\/v2\/users\/2"}],"replies":[{"embeddable":true,"href":"https:\/\/turlurette.org\/index.php\/wp-json\/wp\/v2\/comments?post=238"}],"version-history":[{"count":7,"href":"https:\/\/turlurette.org\/index.php\/wp-json\/wp\/v2\/posts\/238\/revisions"}],"predecessor-version":[{"id":248,"href":"https:\/\/turlurette.org\/index.php\/wp-json\/wp\/v2\/posts\/238\/revisions\/248"}],"wp:featuredmedia":[{"embeddable":true,"href":"https:\/\/turlurette.org\/index.php\/wp-json\/wp\/v2\/media\/242"}],"wp:attachment":[{"href":"https:\/\/turlurette.org\/index.php\/wp-json\/wp\/v2\/media?parent=238"}],"wp:term":[{"taxonomy":"category","embeddable":true,"href":"https:\/\/turlurette.org\/index.php\/wp-json\/wp\/v2\/categories?post=238"},{"taxonomy":"post_tag","embeddable":true,"href":"https:\/\/turlurette.org\/index.php\/wp-json\/wp\/v2\/tags?post=238"}],"curies":[{"name":"wp","href":"https:\/\/api.w.org\/{rel}","templated":true}]}}